{"id":929,"date":"2024-05-22T11:27:16","date_gmt":"2024-05-22T10:27:16","guid":{"rendered":"https:\/\/orientamento.dbcf.unisi.it\/?p=929"},"modified":"2024-05-22T11:27:36","modified_gmt":"2024-05-22T10:27:36","slug":"scuola-estiva-di-orientamento-2024","status":"publish","type":"post","link":"https:\/\/orientamento.dbcf.unisi.it\/index.php\/2024\/05\/22\/scuola-estiva-di-orientamento-2024\/","title":{"rendered":"Scuola estiva di orientamento 2024"},"content":{"rendered":"\n<p>La Scuola estiva di orientamento dell&#8217;Universit\u00e0 di Siena si svolger\u00e0 a Siena dal 28 al 31 agosto 2024 ed \u00e8 rivolta a giovani che stanno frequentando o abbiano frequentato la classe IV o V di un Istituto di istruzione superiore nell&#8217;anno scolastico 2023\/2024 e che abbiano compiuto 18 anni alla data del 28 agosto 2024.<\/p>\n\n\n\n<figure class=\"wp-block-image size-full\"><a href=\"https:\/\/orientarsi.unisi.it\/scelgo\/come-scegliere\/scuola-estiva-di-orientamento#:~:text=La%20Scuola%20estiva%20di%20orientamento,data%20del%2028%20agosto%202024\" target=\"_blank\" rel=\"noreferrer noopener\"><img loading=\"lazy\" decoding=\"async\" width=\"1000\" height=\"400\" src=\"https:\/\/orientamento.dbcf.unisi.it\/wp-content\/uploads\/2024\/05\/image.png\" alt=\"\" class=\"wp-image-930\" srcset=\"https:\/\/orientamento.dbcf.unisi.it\/wp-content\/uploads\/2024\/05\/image.png 1000w, https:\/\/orientamento.dbcf.unisi.it\/wp-content\/uploads\/2024\/05\/image-300x120.png 300w, https:\/\/orientamento.dbcf.unisi.it\/wp-content\/uploads\/2024\/05\/image-768x307.png 768w\" sizes=\"auto, (max-width: 1000px) 100vw, 1000px\" \/><\/a><\/figure>\n\n\n\n<p>Le attivit\u00e0\u00a0di orientamento disciplinare si svolgeranno sia al mattino che nel pomeriggio, per una durata media di circa 6 ore, presso le sedi didattiche dell\u2019Ateneo con lezioni, visite ai laboratori, alle biblioteche e ai luoghi dell\u2019Universit\u00e0. Sono inoltre previste visite alla citt\u00e0 per conoscerne il patrimonio artistico e culturale ed eventi pomeridiani o serali di intrattenimento e socializzazione.<\/p>\n\n\n\n<p>Per richiedere la partecipazione alla Scuola le\/i candidate\/i dovranno compilare il modulo online\u00a0<strong>entro il 12 luglio 2024.<\/strong><\/p>\n\n\n\n<p>Il modulo per l&#8217;iscrizione, il programma completo, e tutte le informazioni necessarie possono essere <a href=\"https:\/\/orientarsi.unisi.it\/scelgo\/come-scegliere\/scuola-estiva-di-orientamento#:~:text=La%20Scuola%20estiva%20di%20orientamento,data%20del%2028%20agosto%202024\" data-type=\"link\" data-id=\"https:\/\/orientarsi.unisi.it\/scelgo\/come-scegliere\/scuola-estiva-di-orientamento#:~:text=La%20Scuola%20estiva%20di%20orientamento,data%20del%2028%20agosto%202024\" target=\"_blank\" rel=\"noreferrer noopener\">trovati a questo link<\/a>.<\/p>\n","protected":false},"excerpt":{"rendered":"<p>La Scuola estiva di orientamento dell&#8217;Universit\u00e0 di Siena si svolger\u00e0 a Siena dal 28 al 31 agosto 2024 ed \u00e8 rivolta a giovani che stanno frequentando o abbiano frequentato la classe IV o V di un Istituto di istruzione superiore nell&#8217;anno scolastico 2023\/2024 e che abbiano compiuto 18 anni alla data del 28 agosto 2024.&hellip; <a class=\"more-link\" href=\"https:\/\/orientamento.dbcf.unisi.it\/index.php\/2024\/05\/22\/scuola-estiva-di-orientamento-2024\/\">Continua a leggere <span class=\"screen-reader-text\">Scuola estiva di orientamento 2024<\/span><\/a><\/p>\n","protected":false},"author":1,"featured_media":0,"comment_status":"closed","ping_status":"closed","sticky":false,"template":"","format":"standard","meta":{"_jetpack_memberships_contains_paid_content":false,"footnotes":""},"categories":[36],"tags":[],"class_list":["post-929","post","type-post","status-publish","format-standard","hentry","category-attivita2024","entry"],"jetpack_featured_media_url":"","jetpack_sharing_enabled":true,"_links":{"self":[{"href":"https:\/\/orientamento.dbcf.unisi.it\/index.php\/wp-json\/wp\/v2\/posts\/929","targetHints":{"allow":["GET"]}}],"collection":[{"href":"https:\/\/orientamento.dbcf.unisi.it\/index.php\/wp-json\/wp\/v2\/posts"}],"about":[{"href":"https:\/\/orientamento.dbcf.unisi.it\/index.php\/wp-json\/wp\/v2\/types\/post"}],"author":[{"embeddable":true,"href":"https:\/\/orientamento.dbcf.unisi.it\/index.php\/wp-json\/wp\/v2\/users\/1"}],"replies":[{"embeddable":true,"href":"https:\/\/orientamento.dbcf.unisi.it\/index.php\/wp-json\/wp\/v2\/comments?post=929"}],"version-history":[{"count":1,"href":"https:\/\/orientamento.dbcf.unisi.it\/index.php\/wp-json\/wp\/v2\/posts\/929\/revisions"}],"predecessor-version":[{"id":931,"href":"https:\/\/orientamento.dbcf.unisi.it\/index.php\/wp-json\/wp\/v2\/posts\/929\/revisions\/931"}],"wp:attachment":[{"href":"https:\/\/orientamento.dbcf.unisi.it\/index.php\/wp-json\/wp\/v2\/media?parent=929"}],"wp:term":[{"taxonomy":"category","embeddable":true,"href":"https:\/\/orientamento.dbcf.unisi.it\/index.php\/wp-json\/wp\/v2\/categories?post=929"},{"taxonomy":"post_tag","embeddable":true,"href":"https:\/\/orientamento.dbcf.unisi.it\/index.php\/wp-json\/wp\/v2\/tags?post=929"}],"curies":[{"name":"wp","href":"https:\/\/api.w.org\/{rel}","templated":true}]}}